{"id":2222,"date":"2026-09-01T19:27:43","date_gmt":"2026-09-01T17:27:43","guid":{"rendered":"https:\/\/chicachica.com\/?p=2222"},"modified":"2026-09-01T19:28:57","modified_gmt":"2026-09-01T17:28:57","slug":"un-siglo-del-lyceum-club-femenino-1926-2026","status":"publish","type":"post","link":"https:\/\/chicachica.com\/index.php\/2026\/09\/01\/un-siglo-del-lyceum-club-femenino-1926-2026\/","title":{"rendered":"Un siglo del Lyceum Club Femenino (1926-2026)"},"content":{"rendered":"\n<p class=\"wp-block-paragraph\"><strong>Programa del centenario\u00a0<\/strong><\/p>\n\n\n\n<p class=\"wp-block-paragraph\"><\/p>\n\n\n\n<p class=\"wp-block-paragraph\">Toda la informaci\u00f3n y actualizaciones se centralizan en la plataforma oficial del <a href=\"https:\/\/lyceumclub.es\/programa\/\">Lyceum Club Femenino<\/a>.&nbsp;<\/p>\n\n\n\n<p class=\"wp-block-paragraph\">\ud83d\udcc5 Calendario de Actividades (Septiembre\u2013Diciembre 2026)<\/p>\n\n\n\n<ul class=\"wp-block-list\">\n<li><strong>19 de Septiembre:<\/strong> <strong>Paseo Dramawalker<\/strong> en Madrid. Ruta sonora interactiva por el centro hist\u00f3rico.<\/li>\n\n\n\n<li><strong>22 de Septiembre:<\/strong> <strong>Exposici\u00f3n Urbana<\/strong> de Carmela Garc\u00eda. \u00daltimo d\u00eda disponible en la Casa de las Siete Chimeneas.<\/li>\n\n\n\n<li><strong>19 de Octubre:<\/strong> <strong>Congreso Internacional<\/strong> (D\u00eda 1). Apertura acad\u00e9mica en la <a href=\"https:\/\/hispanismo.cervantes.es\/congresos-y-cursos\/congreso-cien-anos-del-lyceum-club-femenino-cultura-esfera-publica-compromiso\">Universidad de Murcia<\/a>&nbsp;<\/li>\n\n\n\n<li><strong>20 de Octubre:<\/strong> <strong>Congreso Internacional<\/strong> (D\u00eda 2). Mesas redondas sobre literatura y artes pl\u00e1sticas<\/li>\n\n\n\n<li><strong>21 de Octubre:<\/strong> <strong>Congreso Internacional<\/strong> (D\u00eda 3). Clausura y ponencias sobre el exilio republicano&nbsp;<\/li>\n\n\n\n<li><strong>26 de Octubre:<\/strong> <strong>Paseo Dramawalker<\/strong> en Madrid. Segunda caminata guiada grupal de oto\u00f1o.<\/li>\n\n\n\n<li><strong>21 de Noviembre:<\/strong> <strong>Paseo Dramawalker<\/strong> en Madrid. Tercera jornada de recorridos teatralizados.<\/li>\n\n\n\n<li><strong>19 de Diciembre:<\/strong> <strong>Clausura Dramawalker<\/strong> en Madrid. Fin de las activaciones oficiales de calle.&nbsp;<\/li>\n<\/ul>\n\n\n\n<p class=\"wp-block-paragraph\">\ud83c\udf99\ufe0f Ponentes e Investigadoras Confirmadas<\/p>\n\n\n\n<ul class=\"wp-block-list\">\n<li><strong><a href=\"https:\/\/www.google.com\/search?q=isabel+durante+asensio&amp;kgmid=\/g\/11gm_4y9hf\">Isabel Durante Asensio<\/a><\/strong><strong>:<\/strong> <strong>Coordinadora acad\u00e9mica<\/strong> de la Universidad de Murcia y l\u00edder del comit\u00e9 del congreso<\/li>\n<\/ul>\n\n\n\n<ul class=\"wp-block-list\">\n<li><strong>Katya V\u00e1zquez Schr\u00f6der:<\/strong> <strong>Ponente especialista<\/strong> de la Universidad de La Laguna en mitos femeninos y literatura&nbsp;<\/li>\n<\/ul>\n\n\n\n<ul class=\"wp-block-list\">\n<li><strong>Irene Donate Laffitte:<\/strong> <strong>Investigadora principal<\/strong> experta en las redes de asociacionismo femenino.<\/li>\n<\/ul>\n\n\n\n<ul class=\"wp-block-list\">\n<li><strong>Carmela Garc\u00eda:<\/strong> <strong>Fot\u00f3grafa y artista visual<\/strong> encargada de la intervenci\u00f3n iconogr\u00e1fica exterior.<\/li>\n<\/ul>\n\n\n\n<ul class=\"wp-block-list\">\n<li><strong>Raquel Lojendio:<\/strong> <strong>Soprano profesional<\/strong> al frente de los recitales l\u00edricos de la \u00e9poca.<\/li>\n<\/ul>\n\n\n\n<ul class=\"wp-block-list\">\n<li><strong>Irene Alfageme:<\/strong> <strong>Pianista e investigadora musical<\/strong> para la recuperaci\u00f3n de partituras in\u00e9ditas.<\/li>\n<\/ul>\n\n\n\n<ul class=\"wp-block-list\">\n<li><strong>Blanca V\u00e1zquez Pascual:<\/strong> <strong>Archivera del CDMH<\/strong> experta en la localizaci\u00f3n de fuentes documentales.<\/li>\n<\/ul>\n\n\n\n<ul class=\"wp-block-list\">\n<li><strong>Beatriz Eire Franco:<\/strong> <strong>Especialista en archivos<\/strong> hist\u00f3ricos que reconstruye el censo de socias.m<\/li>\n<\/ul>\n\n\n\n<ul class=\"wp-block-list\">\n<li><strong>Pilar Juan Llamas:<\/strong> <strong>Investigadora documental<\/strong> de los fondos hist\u00f3ricos recuperados.&nbsp;<\/li>\n<\/ul>\n\n\n\n<p class=\"wp-block-paragraph\">\ud83d\udcdd Bloques Tem\u00e1ticos del Congreso<\/p>\n\n\n\n<ul class=\"wp-block-list\">\n<li><strong>Bloque 1:<\/strong> <strong>Redes de Sociabilidad<\/strong>. Alianzas femeninas internacionales e intercambios culturales transatl\u00e1nticos.<\/li>\n<\/ul>\n\n\n\n<ul class=\"wp-block-list\">\n<li><strong>Bloque 2:<\/strong> <strong>Vanguardia y Expresi\u00f3n<\/strong>. An\u00e1lisis de la m\u00fasica, cine, radio y literatura del club&nbsp;<\/li>\n<\/ul>\n\n\n\n<ul class=\"wp-block-list\">\n<li><strong>Bloque 3:<\/strong> <strong>Derecho y Exilio<\/strong>. Debate del impacto legislativo feminista y el posterior exilio tras 1936&nbsp;<\/li>\n<\/ul>\n\n\n\n<p class=\"wp-block-paragraph\">Recuerda que el env\u00edo de propuestas de investigaci\u00f3n (Call for Papers) finaliza el <strong>10 de septiembre de 2026<\/strong>.<\/p>\n\n\n\n<p class=\"wp-block-paragraph\"><\/p>\n","protected":false},"excerpt":{"rendered":"<p>Programa del centenario\u00a0 Toda la informaci\u00f3n y actualizaciones se centralizan en la plataforma oficial del Lyceum Club Femenino.&nbsp; \ud83d\udcc5 Calendario de Actividades (Septiembre\u2013Diciembre 2026) \ud83c\udf99\ufe0f Ponentes e Investigadoras Confirmadas \ud83d\udcdd Bloques Tem\u00e1ticos del Congreso Recuerda que el env\u00edo de propuestas de investigaci\u00f3n (Call for Papers) finaliza el 10 de septiembre de 2026.<\/p>\n","protected":false},"author":2,"featured_media":2227,"comment_status":"open","ping_status":"open","sticky":false,"template":"","format":"standard","meta":{"footnotes":""},"categories":[1],"tags":[],"class_list":["post-2222","post","type-post","status-publish","format-standard","has-post-thumbnail","hentry","category-sin-categoria"],"_links":{"self":[{"href":"https:\/\/chicachica.com\/index.php\/wp-json\/wp\/v2\/posts\/2222","targetHints":{"allow":["GET"]}}],"collection":[{"href":"https:\/\/chicachica.com\/index.php\/wp-json\/wp\/v2\/posts"}],"about":[{"href":"https:\/\/chicachica.com\/index.php\/wp-json\/wp\/v2\/types\/post"}],"author":[{"embeddable":true,"href":"https:\/\/chicachica.com\/index.php\/wp-json\/wp\/v2\/users\/2"}],"replies":[{"embeddable":true,"href":"https:\/\/chicachica.com\/index.php\/wp-json\/wp\/v2\/comments?post=2222"}],"version-history":[{"count":3,"href":"https:\/\/chicachica.com\/index.php\/wp-json\/wp\/v2\/posts\/2222\/revisions"}],"predecessor-version":[{"id":2226,"href":"https:\/\/chicachica.com\/index.php\/wp-json\/wp\/v2\/posts\/2222\/revisions\/2226"}],"wp:featuredmedia":[{"embeddable":true,"href":"https:\/\/chicachica.com\/index.php\/wp-json\/wp\/v2\/media\/2227"}],"wp:attachment":[{"href":"https:\/\/chicachica.com\/index.php\/wp-json\/wp\/v2\/media?parent=2222"}],"wp:term":[{"taxonomy":"category","embeddable":true,"href":"https:\/\/chicachica.com\/index.php\/wp-json\/wp\/v2\/categories?post=2222"},{"taxonomy":"post_tag","embeddable":true,"href":"https:\/\/chicachica.com\/index.php\/wp-json\/wp\/v2\/tags?post=2222"}],"curies":[{"name":"wp","href":"https:\/\/api.w.org\/{rel}","templated":true}]}}