{"id":1949,"date":"2026-04-20T01:42:45","date_gmt":"2026-04-19T23:42:45","guid":{"rendered":"https:\/\/chicachica.com\/?p=1949"},"modified":"2026-05-01T01:45:59","modified_gmt":"2026-04-30T23:45:59","slug":"noticias-actualidad-11","status":"publish","type":"post","link":"https:\/\/chicachica.com\/index.php\/2026\/04\/20\/noticias-actualidad-11\/","title":{"rendered":"NOTICIAS\/ ACTUALIDAD"},"content":{"rendered":"\n<p> BILBO\/BILBAO, BIZKAIA<\/p>\n\n\n\n<p><\/p>\n\n\n\n<p><strong>Bilbao se mira en el espejo de la diversidad: \u00abVisible somos y estamos\u00bb<\/strong><\/p>\n\n\n\n<p>Bilbao no solo se viste de colores, se viste de compromiso. Con motivo del <strong>D\u00eda de la Visibilidad L\u00e9sbica<\/strong>, el Ayuntamiento de la capital vizca\u00edna ha lanzado una campa\u00f1a que es toda una declaraci\u00f3n de intenciones: <strong>\u00abBagara eta bagaude ikusgarri \/ Visible somos y estamos\u00bb<\/strong>. Una frase contundente que nos recuerda que no solo existimos, sino que ocupamos el espacio p\u00fablico por derecho propio.<\/p>\n\n\n\n<p><strong>Una \u00abO\u00bb que nos observa y nos reconoce<\/strong><\/p>\n\n\n\n<p>La imagen de la campa\u00f1a este a\u00f1o es pura poes\u00eda visual. El nombre de la ciudad, Bilbao, se ti\u00f1e con los colores del colectivo, pero el detalle que nos ha enamorado es el <strong>gui\u00f1o gr\u00e1fico en la letra &#8216;O&#8217;<\/strong>.<\/p>\n\n\n\n<p>Esta letra se ha transformado en un s\u00edmbolo que remite a una <strong>mirada abierta<\/strong>. Es la representaci\u00f3n de una ciudad que no aparta la vista, sino que reconoce, acoge y celebra la realidad de las mujeres lesbianas desde el respeto m\u00e1s absoluto.<\/p>\n\n\n\n<p><strong>M\u00e1s que carteles: Una hoja de ruta real<\/strong><\/p>\n\n\n\n<p>Lo que diferencia a esta campa\u00f1a de un simple gesto est\u00e9tico es el respaldo institucional que hay detr\u00e1s. La concejala de Igualdad, <strong>Itziar Urtasun<\/strong>, ha sido clara: la diversidad es parte esencial de la identidad bilba\u00edna. Y para demostrarlo, el consistorio cuenta con herramientas potentes:<\/p>\n\n\n\n<ul class=\"wp-block-list\">\n<li><strong>I Plan Municipal en Diversidad Sexual y de G\u00e9nero 2025-2030:<\/strong> Una hoja de ruta para que la perspectiva LGTBIQ+ impregne todas las pol\u00edticas municipales.<\/li>\n\n\n\n<li><strong>Presencia en la calle:<\/strong> La campa\u00f1a inundar\u00e1 marquesinas, pantallas digitales y redes sociales, llevando nuestro mensaje a cada rinc\u00f3n de la ciudad.<\/li>\n\n\n\n<li><strong>Valores s\u00f3lidos:<\/strong> El proyecto se enmarca en la <em>Agenda 2030<\/em> y en la <em>Carta de Valores de Bilbao<\/em>, buscando erradicar cualquier tipo de odio o discriminaci\u00f3n.<\/li>\n<\/ul>\n\n\n\n<p><strong>El rugido de la visibilidad<\/strong><\/p>\n\n\n\n<p>Desde el Ayuntamiento animan a toda la ciudadan\u00eda a ser <strong>parte activa<\/strong> en la eliminaci\u00f3n de prejuicios. Es un llamamiento a la acci\u00f3n para construir una sociedad libre de violencias donde nuestra orientaci\u00f3n y expresi\u00f3n de g\u00e9nero sean motivo de orgullo, nunca de miedo.<\/p>\n\n\n\n<p>En un momento donde necesitamos referentes y apoyo institucional firme, Bilbao da un paso al frente y nos dice que aqu\u00ed, <strong>s\u00ed somos y s\u00ed estamos<\/strong>.<\/p>\n\n\n\n<p><strong>\u00bfHas visto ya la campa\u00f1a por las calles de Bilbao? \u00a1M\u00e1ndanos tu foto o cu\u00e9ntanos qu\u00e9 te parece ese \u00abgui\u00f1o\u00bb en la &#8216;O&#8217;!<\/strong><\/p>\n","protected":false},"excerpt":{"rendered":"<p>BILBO\/BILBAO, BIZKAIA Bilbao se mira en el espejo de la diversidad: \u00abVisible somos y estamos\u00bb Bilbao no solo se viste de colores, se viste de compromiso. Con motivo del D\u00eda de la Visibilidad L\u00e9sbica, el Ayuntamiento de la capital vizca\u00edna ha lanzado una campa\u00f1a que es toda una declaraci\u00f3n de intenciones: \u00abBagara eta bagaude ikusgarri [&hellip;]<\/p>\n","protected":false},"author":2,"featured_media":1951,"comment_status":"open","ping_status":"open","sticky":false,"template":"","format":"standard","meta":{"footnotes":""},"categories":[6,18],"tags":[375,139,38,53,223],"class_list":["post-1949","post","type-post","status-publish","format-standard","has-post-thumbnail","hentry","category-comunidad","category-noticias-actualidad","tag-bilbao","tag-bizkaia","tag-lgtbiq","tag-mujeres-les","tag-visibilidad-lesbica"],"_links":{"self":[{"href":"https:\/\/chicachica.com\/index.php\/wp-json\/wp\/v2\/posts\/1949","targetHints":{"allow":["GET"]}}],"collection":[{"href":"https:\/\/chicachica.com\/index.php\/wp-json\/wp\/v2\/posts"}],"about":[{"href":"https:\/\/chicachica.com\/index.php\/wp-json\/wp\/v2\/types\/post"}],"author":[{"embeddable":true,"href":"https:\/\/chicachica.com\/index.php\/wp-json\/wp\/v2\/users\/2"}],"replies":[{"embeddable":true,"href":"https:\/\/chicachica.com\/index.php\/wp-json\/wp\/v2\/comments?post=1949"}],"version-history":[{"count":1,"href":"https:\/\/chicachica.com\/index.php\/wp-json\/wp\/v2\/posts\/1949\/revisions"}],"predecessor-version":[{"id":1950,"href":"https:\/\/chicachica.com\/index.php\/wp-json\/wp\/v2\/posts\/1949\/revisions\/1950"}],"wp:featuredmedia":[{"embeddable":true,"href":"https:\/\/chicachica.com\/index.php\/wp-json\/wp\/v2\/media\/1951"}],"wp:attachment":[{"href":"https:\/\/chicachica.com\/index.php\/wp-json\/wp\/v2\/media?parent=1949"}],"wp:term":[{"taxonomy":"category","embeddable":true,"href":"https:\/\/chicachica.com\/index.php\/wp-json\/wp\/v2\/categories?post=1949"},{"taxonomy":"post_tag","embeddable":true,"href":"https:\/\/chicachica.com\/index.php\/wp-json\/wp\/v2\/tags?post=1949"}],"curies":[{"name":"wp","href":"https:\/\/api.w.org\/{rel}","templated":true}]}}