{"id":1943,"date":"2026-05-01T01:29:19","date_gmt":"2026-04-30T23:29:19","guid":{"rendered":"https:\/\/chicachica.com\/?p=1943"},"modified":"2026-05-01T01:33:17","modified_gmt":"2026-04-30T23:33:17","slug":"noticias-actualidad-01052026","status":"publish","type":"post","link":"https:\/\/chicachica.com\/index.php\/2026\/05\/01\/noticias-actualidad-01052026\/","title":{"rendered":"NOTICIAS\/ ACTUALIDAD 01052026"},"content":{"rendered":"\n<p>PAMPLONA, NAVARRA.<\/p>\n\n\n\n<p><\/p>\n\n\n\n<p><strong>Navarra se mueve: 160.000 euros para impulsar la igualdad y el activismo LGTBI+<\/strong><\/p>\n\n\n\n<p>Mientras en algunos lugares las luces se apagan, en otros se encienden motores. El <strong>Gobierno de Navarra<\/strong>, a trav\u00e9s del Instituto Navarro para la Igualdad (INAI), acaba de lanzar dos convocatorias de subvenciones clave para fortalecer nuestro tejido asociativo y las pol\u00edticas locales. En total, <strong>160.000 euros<\/strong> destinados a que la diversidad sexual y de g\u00e9nero no sea solo una palabra, sino una realidad en las calles.<\/p>\n\n\n\n<p><strong>El impulso que las asociaciones necesitan<\/strong><\/p>\n\n\n\n<p>La primera l\u00ednea de ayudas cuenta con <strong>75.000 euros<\/strong> destinados directamente a asociaciones LGTBI+ y entidades sin \u00e1nimo de lucro. Con un m\u00e1ximo de 10.000 euros por proyecto, el objetivo es ambicioso y necesario:<\/p>\n\n\n\n<ul class=\"wp-block-list\">\n<li><strong>Adi\u00f3s a los prejuicios:<\/strong> Proyectos para romper estereotipos y fomentar relaciones igualitarias.<\/li>\n\n\n\n<li><strong>Nuestra historia importa:<\/strong> Ayudas para recuperar y visibilizar nuestras <strong>genealog\u00edas<\/strong> (porque saber de d\u00f3nde venimos nos hace m\u00e1s fuertes).<\/li>\n\n\n\n<li><strong>Empoderamiento y red:<\/strong> Fomento de la participaci\u00f3n pol\u00edtica y el fortalecimiento del movimiento asociativo.<\/li>\n<\/ul>\n\n\n\n<p><strong>Municipios que se mojan (y se comprometen)<\/strong><\/p>\n\n\n\n<p>La segunda convocatoria, dotada con <strong>85.000 euros<\/strong>, est\u00e1 dise\u00f1ada para que los ayuntamientos navarros pasen a la acci\u00f3n. No se trata solo de poner la bandera, sino de trabajar desde la base a trav\u00e9s de:<\/p>\n\n\n\n<ol class=\"wp-block-list\">\n<li><strong>Diagn\u00f3sticos locales:<\/strong> Conocer la realidad de las personas LGTBI+ en cada pueblo.<\/li>\n\n\n\n<li><strong>Planes y protocolos:<\/strong> Herramientas reales para garantizar derechos.<\/li>\n\n\n\n<li><strong>Programaci\u00f3n anual:<\/strong> Actividades que llenen de diversidad la agenda municipal.<\/li>\n<\/ol>\n\n\n\n<p><strong>\u00a1Ojo con los plazos!<\/strong><\/p>\n\n\n\n<p>Si formas parte de una entidad o trabajas en el \u00e1mbito municipal en Navarra, no dejes pasar esta oportunidad. El tiempo vuela:<\/p>\n\n\n\n<ul class=\"wp-block-list\">\n<li><strong>Fecha l\u00edmite:<\/strong> El pr\u00f3ximo <strong>28 de mayo<\/strong>.<\/li>\n\n\n\n<li><strong>Forma de presentaci\u00f3n:<\/strong> Exclusivamente telem\u00e1tica a trav\u00e9s de la web de tr\u00e1mites del Gobierno de Navarra.<\/li>\n\n\n\n<li><strong>Periodo de ejecuci\u00f3n:<\/strong> Los proyectos deben desarrollarse entre enero y octubre de 2026.<\/li>\n<\/ul>\n\n\n\n<p>Esta inversi\u00f3n forma parte de un paquete mucho m\u00e1s grande de casi 1,5 millones de euros que el Departamento de Presidencia e Igualdad destina este a\u00f1o para avanzar en derechos. <strong>Buenas noticias que nos recuerdan que, con voluntad pol\u00edtica, la igualdad s\u00ed es una prioridad.<\/strong><\/p>\n\n\n\n<p><strong>\u00bfCrees que estas ayudas son suficientes para fortalecer el movimiento en las zonas rurales? \u00a1Te leemos en redes!<\/strong><\/p>\n\n\n\n<p><\/p>\n","protected":false},"excerpt":{"rendered":"<p>PAMPLONA, NAVARRA. Navarra se mueve: 160.000 euros para impulsar la igualdad y el activismo LGTBI+ Mientras en algunos lugares las luces se apagan, en otros se encienden motores. El Gobierno de Navarra, a trav\u00e9s del Instituto Navarro para la Igualdad (INAI), acaba de lanzar dos convocatorias de subvenciones clave para fortalecer nuestro tejido asociativo y [&hellip;]<\/p>\n","protected":false},"author":2,"featured_media":1946,"comment_status":"open","ping_status":"open","sticky":false,"template":"","format":"standard","meta":{"footnotes":""},"categories":[132,6,18],"tags":[373,38,290,306],"class_list":["post-1943","post","type-post","status-publish","format-standard","has-post-thumbnail","hentry","category-colectivos","category-comunidad","category-noticias-actualidad","tag-inai","tag-lgtbiq","tag-navarra","tag-pamplona"],"_links":{"self":[{"href":"https:\/\/chicachica.com\/index.php\/wp-json\/wp\/v2\/posts\/1943","targetHints":{"allow":["GET"]}}],"collection":[{"href":"https:\/\/chicachica.com\/index.php\/wp-json\/wp\/v2\/posts"}],"about":[{"href":"https:\/\/chicachica.com\/index.php\/wp-json\/wp\/v2\/types\/post"}],"author":[{"embeddable":true,"href":"https:\/\/chicachica.com\/index.php\/wp-json\/wp\/v2\/users\/2"}],"replies":[{"embeddable":true,"href":"https:\/\/chicachica.com\/index.php\/wp-json\/wp\/v2\/comments?post=1943"}],"version-history":[{"count":1,"href":"https:\/\/chicachica.com\/index.php\/wp-json\/wp\/v2\/posts\/1943\/revisions"}],"predecessor-version":[{"id":1944,"href":"https:\/\/chicachica.com\/index.php\/wp-json\/wp\/v2\/posts\/1943\/revisions\/1944"}],"wp:featuredmedia":[{"embeddable":true,"href":"https:\/\/chicachica.com\/index.php\/wp-json\/wp\/v2\/media\/1946"}],"wp:attachment":[{"href":"https:\/\/chicachica.com\/index.php\/wp-json\/wp\/v2\/media?parent=1943"}],"wp:term":[{"taxonomy":"category","embeddable":true,"href":"https:\/\/chicachica.com\/index.php\/wp-json\/wp\/v2\/categories?post=1943"},{"taxonomy":"post_tag","embeddable":true,"href":"https:\/\/chicachica.com\/index.php\/wp-json\/wp\/v2\/tags?post=1943"}],"curies":[{"name":"wp","href":"https:\/\/api.w.org\/{rel}","templated":true}]}}