{"id":1941,"date":"2026-05-01T01:23:56","date_gmt":"2026-04-30T23:23:56","guid":{"rendered":"https:\/\/chicachica.com\/?p=1941"},"modified":"2026-05-01T01:33:47","modified_gmt":"2026-04-30T23:33:47","slug":"noticias-actualidad-30042026","status":"publish","type":"post","link":"https:\/\/chicachica.com\/index.php\/2026\/05\/01\/noticias-actualidad-30042026\/","title":{"rendered":"NOTICIAS\/ ACTUALIDAD 30042026"},"content":{"rendered":"\n<p>PALMA DE MALLORCA, BALEARES<\/p>\n\n\n\n<p><\/p>\n\n\n\n<p><strong>El Orgullo de Palma se queda sin verbena: Ben Amics denuncia la par\u00e1lisis del Ayuntamiento<\/strong><\/p>\n\n\n\n<p>El Orgullo de Mallorca ha recibido un duro golpe. La asociaci\u00f3n <strong>Ben Amics<\/strong> ha anunciado oficialmente la <strong>cancelaci\u00f3n de la tradicional verbena del D\u00eda del Orgullo LGTBI+ en Palma<\/strong>. \u00bfEl motivo? Una gesti\u00f3n municipal que la entidad no ha dudado en calificar de \u00abdeficiente\u00bb y que se\u00f1alan como una clara <strong>\u00abcesi\u00f3n ante la extrema derecha\u00bb<\/strong>.<\/p>\n\n\n\n<p><strong>Una cr\u00f3nica de una cancelaci\u00f3n anunciada<\/strong><\/p>\n\n\n\n<p>Lo que deber\u00eda ser una fiesta de visibilidad y derechos se ha convertido en un laberinto burocr\u00e1tico. Seg\u00fan Ben Amics, la falta de planificaci\u00f3n por parte del Ayuntamiento de Palma (Cort) ha hecho inviable la organizaci\u00f3n del evento. A pesar de que la entidad intent\u00f3 coordinar la celebraci\u00f3n desde hace meses, la realidad con la que se encontraron fue desoladora:<\/p>\n\n\n\n<ul class=\"wp-block-list\">\n<li><strong>Sin rumbo claro:<\/strong> En las reuniones mantenidas, la administraci\u00f3n no present\u00f3 ni directrices ni una planificaci\u00f3n concreta.<\/li>\n\n\n\n<li><strong>Caos administrativo:<\/strong> A menos de dos meses de la fecha, el contrato para el evento segu\u00eda en fase de formulaci\u00f3n y ni siquiera se hab\u00eda asignado el \u00e1rea responsable del expediente.<\/li>\n\n\n\n<li><strong>Ausencias notables:<\/strong> La regidora responsable no asisti\u00f3 a las reuniones clave para desbloquear la situaci\u00f3n.<\/li>\n<\/ul>\n\n\n\n<p><strong>\u00abLa \u00faltima estocada\u00bb a la diversidad<\/strong><\/p>\n\n\n\n<p>Para el colectivo, esto no es un hecho aislado, sino la culminaci\u00f3n de un <strong>retroceso en las pol\u00edticas de igualdad<\/strong> en la isla. Ben Amics recuerda que esta decisi\u00f3n llega tras la supresi\u00f3n de los talleres de diversidad sexual y de g\u00e9nero de <em>PalmaEduca<\/em>.<\/p>\n\n\n\n<p>\u00abEs un claro retroceso que evidencia una falta de prioridad en las pol\u00edticas p\u00fablicas dirigidas a garantizar nuestros derechos\u00bb, lamentan desde la organizaci\u00f3n.<\/p>\n\n\n\n<p><strong>El Orgullo sigue vivo en la resistencia<\/strong><\/p>\n\n\n\n<p>Aunque la verbena de Palma se apague este a\u00f1o por la falta de apoyo institucional, Ben Amics no baja los brazos. La entidad mantiene su intenci\u00f3n de realizar las <strong>actividades de sensibilizaci\u00f3n previstas para junio<\/strong> y ha lanzado un llamamiento al resto de ayuntamientos de Mallorca para colaborar y crear espacios de visibilidad.<\/p>\n\n\n\n<p>Desde <strong>HiAchica<\/strong> nos sumamos a la indignaci\u00f3n del colectivo. El Orgullo no es solo una fiesta, es una reivindicaci\u00f3n pol\u00edtica necesaria. Si las instituciones no est\u00e1n a la altura, nosotras seguiremos ocupando los espacios de la manera que mejor sabemos: unidas y visibles.<\/p>\n\n\n\n<p><strong>\u00bfQu\u00e9 te parece esta deriva institucional en Palma? Cu\u00e9ntanos tu opini\u00f3n en los comentarios.<\/strong><\/p>\n","protected":false},"excerpt":{"rendered":"<p>PALMA DE MALLORCA, BALEARES El Orgullo de Palma se queda sin verbena: Ben Amics denuncia la par\u00e1lisis del Ayuntamiento El Orgullo de Mallorca ha recibido un duro golpe. La asociaci\u00f3n Ben Amics ha anunciado oficialmente la cancelaci\u00f3n de la tradicional verbena del D\u00eda del Orgullo LGTBI+ en Palma. \u00bfEl motivo? Una gesti\u00f3n municipal que la [&hellip;]<\/p>\n","protected":false},"author":2,"featured_media":1947,"comment_status":"open","ping_status":"open","sticky":false,"template":"","format":"standard","meta":{"footnotes":""},"categories":[132,6,18],"tags":[129,38,371,370],"class_list":["post-1941","post","type-post","status-publish","format-standard","has-post-thumbnail","hentry","category-colectivos","category-comunidad","category-noticias-actualidad","tag-colectivos","tag-lgtbiq","tag-mallorca","tag-palma"],"_links":{"self":[{"href":"https:\/\/chicachica.com\/index.php\/wp-json\/wp\/v2\/posts\/1941","targetHints":{"allow":["GET"]}}],"collection":[{"href":"https:\/\/chicachica.com\/index.php\/wp-json\/wp\/v2\/posts"}],"about":[{"href":"https:\/\/chicachica.com\/index.php\/wp-json\/wp\/v2\/types\/post"}],"author":[{"embeddable":true,"href":"https:\/\/chicachica.com\/index.php\/wp-json\/wp\/v2\/users\/2"}],"replies":[{"embeddable":true,"href":"https:\/\/chicachica.com\/index.php\/wp-json\/wp\/v2\/comments?post=1941"}],"version-history":[{"count":1,"href":"https:\/\/chicachica.com\/index.php\/wp-json\/wp\/v2\/posts\/1941\/revisions"}],"predecessor-version":[{"id":1942,"href":"https:\/\/chicachica.com\/index.php\/wp-json\/wp\/v2\/posts\/1941\/revisions\/1942"}],"wp:featuredmedia":[{"embeddable":true,"href":"https:\/\/chicachica.com\/index.php\/wp-json\/wp\/v2\/media\/1947"}],"wp:attachment":[{"href":"https:\/\/chicachica.com\/index.php\/wp-json\/wp\/v2\/media?parent=1941"}],"wp:term":[{"taxonomy":"category","embeddable":true,"href":"https:\/\/chicachica.com\/index.php\/wp-json\/wp\/v2\/categories?post=1941"},{"taxonomy":"post_tag","embeddable":true,"href":"https:\/\/chicachica.com\/index.php\/wp-json\/wp\/v2\/tags?post=1941"}],"curies":[{"name":"wp","href":"https:\/\/api.w.org\/{rel}","templated":true}]}}