{"id":1388,"date":"2025-12-13T23:40:13","date_gmt":"2025-12-13T22:40:13","guid":{"rendered":"https:\/\/chicachica.com\/?p=1388"},"modified":"2025-12-13T23:54:12","modified_gmt":"2025-12-13T22:54:12","slug":"cabeca","status":"publish","type":"post","link":"https:\/\/chicachica.com\/index.php\/2025\/12\/13\/cabeca\/","title":{"rendered":"CABE\u00c7A"},"content":{"rendered":"\n<p>VIAJES , NAViDAD<\/p>\n\n\n\n<h2 class=\"wp-block-heading\">\ud83c\udf1f  La Navidad m\u00e1s Aut\u00e9ntica y Sostenible de Portugal<\/h2>\n\n\n\n<p><\/p>\n\n\n\n<p><img decoding=\"async\" width=\"150\" height=\"113\" class=\"wp-image-1393\" style=\"width: 150px;\" src=\"https:\/\/chicachica.com\/wp-content\/uploads\/2025\/12\/IMG_2991.jpeg\" alt=\"\" srcset=\"https:\/\/chicachica.com\/wp-content\/uploads\/2025\/12\/IMG_2991.jpeg 750w, https:\/\/chicachica.com\/wp-content\/uploads\/2025\/12\/IMG_2991-300x225.jpeg 300w\" sizes=\"(max-width: 150px) 100vw, 150px\" \/>   <img decoding=\"async\" width=\"150\" height=\"100\" class=\"wp-image-1394\" style=\"width: 150px;\" src=\"https:\/\/chicachica.com\/wp-content\/uploads\/2025\/12\/IMG_2992.jpeg\" alt=\"\" srcset=\"https:\/\/chicachica.com\/wp-content\/uploads\/2025\/12\/IMG_2992.jpeg 750w, https:\/\/chicachica.com\/wp-content\/uploads\/2025\/12\/IMG_2992-300x200.jpeg 300w\" sizes=\"(max-width: 150px) 100vw, 150px\" \/><br><\/p>\n\n\n\n<p><strong>La<\/strong> <strong>Aldea<\/strong> <strong>de<\/strong> <strong>Navidad<\/strong> <strong>que<\/strong> <strong>no<\/strong> <strong>sab\u00edas<\/strong> <strong>que<\/strong> <strong>necesitabas<\/strong>.<\/p>\n\n\n\n<p>Ubicada en el coraz\u00f3n de la majestuosa <strong><em>Serra<\/em><\/strong> <em><strong>da<\/strong><\/em> <em><strong>Estrela<\/strong><\/em> en Portugal, la peque\u00f1a aldea de <strong><em>Cabe\u00e7a<\/em><\/strong> se transforma cada diciembre en un fen\u00f3meno festivo: la \u00ab<em>Aldeia<\/em> <em>Natal<\/em>\u00ab. Pero este no es un mercado navide\u00f1o comercial m\u00e1s. Cabe\u00e7a se distingue por ser la Aldea de Navidad 100% ecosostenible del pa\u00eds, ofreciendo una magia genuina y libre de consumismo. Presenta un contraste refrescante con el bullicio urbano y se ha convertido en un destino esencial para quienes buscan la esencia de las fiestas.<\/p>\n\n\n\n<p><strong>El<\/strong> <strong>Milagro<\/strong> <strong>Ecol\u00f3gico<\/strong>: <strong>Decoraci\u00f3n<\/strong> <strong>km<\/strong> <strong>0<\/strong> <strong>y<\/strong> <strong>Esp\u00edritu<\/strong> <strong>LED<\/strong><\/p>\n\n\n\n<p>El pilar de <em>Cabe\u00e7a<\/em> es su compromiso con la sostenibilidad. Toda la decoraci\u00f3n navide\u00f1a es el resultado de un esfuerzo comunitario, utilizando exclusivamente materiales naturales (pi\u00f1as, ramas, hojas, ca\u00f1as de ma\u00edz y lana local) recolectados de forma responsable de los alrededores. Esto no solo embellece las casas de esquisto, sino que tambi\u00e9n refuerza el v\u00ednculo de la aldea con su entorno natural.<\/p>\n\n\n\n<p>En cuanto a la iluminaci\u00f3n, Cabe\u00e7a es pionera como la primera Aldea LED de Portugal. Miles de luces LED delinean las calles y fachadas, creando un escenario nocturno c\u00e1lido y espectacular sin comprometer la eficiencia energ\u00e9tica. Es la prueba de que la sostenibilidad no resta magia, sino que la potencia.<\/p>\n\n\n\n<p><strong>Inmersi\u00f3n<\/strong> <strong>Comunitaria<\/strong>: <strong>Navidad<\/strong> <strong>de<\/strong> <strong>Puertas<\/strong> <strong>Abiertas<\/strong><\/p>\n\n\n\n<p>La experiencia en <em>Cabe\u00e7a<\/em> es totalmente inmersiva debido a la hospitalidad de sus habitantes. Los residentes abren activamente sus puertas, garajes y bodegas a los visitantes, convirtiendo la aldea en un mercado continuo y org\u00e1nico. El viajero no es un mero espectador, sino un invitado de honor que interact\u00faa directamente con los artesanos y las familias locales.<\/p>\n\n\n\n<p>Este esp\u00edritu comunitario permite conocer de cerca el proceso artesanal y adquirir adornos \u00fanicos hechos a mano con lana de las ovejas Bordaleiras. El ambiente es familiar y aut\u00e9ntico, muy alejado de la comercializaci\u00f3n masiva.<\/p>\n\n\n\n<p><strong>El<\/strong> <strong>Sabor<\/strong> <strong>Reconfortante<\/strong> <strong>de<\/strong> <strong>la<\/strong> <strong>Serra<\/strong>: <strong>Gastronom\u00eda<\/strong> <strong>Local<\/strong><\/p>\n\n\n\n<p>La comida aqu\u00ed es una extensi\u00f3n de la tradici\u00f3n y el calor de hogar. La gastronom\u00eda es r\u00fastica y reconfortante, servida directamente por los vecinos en un ambiente \u00edntimo.<\/p>\n\n\n\n<p>Es imprescindible probar el mundialmente famoso Queijo da Serra (el queso suave de oveja) y los productos de la reciente cosecha, como el Azeite Novo (aceite de oliva nuevo), acompa\u00f1ado de pan de le\u00f1a. Para combatir el fr\u00edo, se ofrecen platos tradicionales de monta\u00f1a como el Caldo Verde, embutidos de calidad superior y una reposter\u00eda navide\u00f1a inolvidable: Filh\u00f3s, Rabanadas y el cl\u00e1sico Bolo Rei. Es una experiencia de inmersi\u00f3n donde la autenticidad se siente en cada bocado.<\/p>\n\n\n\n<p><strong>Experiencias<\/strong> <strong>Familiares<\/strong>: <strong>Aprender<\/strong> <strong>Jugando<\/strong> <strong>con<\/strong> <strong>la<\/strong> <strong>Tradici\u00f3n<\/strong><\/p>\n\n\n\n<p><em>Cabe\u00e7a<\/em> es un destino ideal para familias, ya que las actividades se centran en la participaci\u00f3n activa y la educaci\u00f3n ambiental:<\/p>\n\n\n\n<p>&nbsp;* Talleres de Decoraci\u00f3n Ecol\u00f3gica: Los ni\u00f1os pueden participar en la creaci\u00f3n de adornos utilizando materiales naturales y lana, uniendo la diversi\u00f3n con una lecci\u00f3n pr\u00e1ctica de reciclaje y artesan\u00eda.<\/p>\n\n\n\n<p>&nbsp;* Rutas de Belenes: Se organizan circuitos para descubrir los numerosos Belenes ecol\u00f3gicos expuestos por toda la aldea, fomentando el descubrimiento.<\/p>\n\n\n\n<p>&nbsp;* Cuentacuentos: Se realizan sesiones de narraci\u00f3n sobre leyendas y tradiciones locales, perfectas para mantener entretenidos a los m\u00e1s peque\u00f1os.<\/p>\n\n\n\n<p><strong>Veredicto<\/strong><\/p>\n\n\n\n<p><em>Cabe\u00e7a<\/em> no vende una postal navide\u00f1a; ofrece una experiencia de vida. Es una parada obligatoria para quienes buscan una Navidad con alma, tradici\u00f3n y una huella de carbono m\u00ednima. Es una joya escondida en Portugal que redefine el significado de las fiestas a trav\u00e9s de la sencillez, la sostenibilidad y la calidez humana.<\/p>\n\n\n\n<p><\/p>\n\n\n\n<ul class=\"wp-block-list\">\n<li><\/li>\n<\/ul>\n\n\n\n<p><\/p>\n","protected":false},"excerpt":{"rendered":"<p>VIAJES , NAViDAD \ud83c\udf1f La Navidad m\u00e1s Aut\u00e9ntica y Sostenible de Portugal La Aldea de Navidad que no sab\u00edas que necesitabas. Ubicada en el coraz\u00f3n de la majestuosa Serra da Estrela en Portugal, la peque\u00f1a aldea de Cabe\u00e7a se transforma cada diciembre en un fen\u00f3meno festivo: la \u00abAldeia Natal\u00ab. Pero este no es un mercado [&hellip;]<\/p>\n","protected":false},"author":2,"featured_media":1392,"comment_status":"open","ping_status":"open","sticky":false,"template":"","format":"standard","meta":{"footnotes":""},"categories":[233,27],"tags":[268,270,272,87],"class_list":["post-1388","post","type-post","status-publish","format-standard","has-post-thumbnail","hentry","category-estilo-de-vida","category-viajes","tag-cabeca","tag-navidad","tag-portugal","tag-viajes"],"_links":{"self":[{"href":"https:\/\/chicachica.com\/index.php\/wp-json\/wp\/v2\/posts\/1388","targetHints":{"allow":["GET"]}}],"collection":[{"href":"https:\/\/chicachica.com\/index.php\/wp-json\/wp\/v2\/posts"}],"about":[{"href":"https:\/\/chicachica.com\/index.php\/wp-json\/wp\/v2\/types\/post"}],"author":[{"embeddable":true,"href":"https:\/\/chicachica.com\/index.php\/wp-json\/wp\/v2\/users\/2"}],"replies":[{"embeddable":true,"href":"https:\/\/chicachica.com\/index.php\/wp-json\/wp\/v2\/comments?post=1388"}],"version-history":[{"count":7,"href":"https:\/\/chicachica.com\/index.php\/wp-json\/wp\/v2\/posts\/1388\/revisions"}],"predecessor-version":[{"id":1391,"href":"https:\/\/chicachica.com\/index.php\/wp-json\/wp\/v2\/posts\/1388\/revisions\/1391"}],"wp:featuredmedia":[{"embeddable":true,"href":"https:\/\/chicachica.com\/index.php\/wp-json\/wp\/v2\/media\/1392"}],"wp:attachment":[{"href":"https:\/\/chicachica.com\/index.php\/wp-json\/wp\/v2\/media?parent=1388"}],"wp:term":[{"taxonomy":"category","embeddable":true,"href":"https:\/\/chicachica.com\/index.php\/wp-json\/wp\/v2\/categories?post=1388"},{"taxonomy":"post_tag","embeddable":true,"href":"https:\/\/chicachica.com\/index.php\/wp-json\/wp\/v2\/tags?post=1388"}],"curies":[{"name":"wp","href":"https:\/\/api.w.org\/{rel}","templated":true}]}}